{"id":11902,"date":"2019-10-22T18:22:39","date_gmt":"2019-10-22T16:22:39","guid":{"rendered":"https:\/\/www.alatel.it\/alatel\/?p=11902"},"modified":"2025-12-09T12:25:38","modified_gmt":"2025-12-09T11:25:38","slug":"rinnovo-quota-associativa","status":"publish","type":"post","link":"https:\/\/www.alatel.it\/alatel\/emilia-romagna\/rinnovo-quota-associativa\/","title":{"rendered":"RINNOVO QUOTA ASSOCIATIVA Emilia Romagna"},"content":{"rendered":"<p><span style=\"color: #0000ff;font-family: arial black, sans-serif;font-size: 20px\"><strong><em>QUOTA ASSOCIATIVA 2026:<\/em><\/strong><\/span><\/p>\n<p>Informiamo i <strong>Soci e\/o Aggregati<\/strong>\u00a0 che la quota associativa Alatel per <span style=\"text-decoration: underline\">l<strong>\u2019anno 2026<\/strong>\u00a0<\/span><strong><span style=\"text-decoration: underline\"> \u00e8 invariata di \u20ac 30<\/span> (Trenta).<\/strong><br \/>\nIl convivente del Socio Ordinario e\/o dell\u2019Aggregato si pu\u00f2 iscrivere gratuitamente all\u2019Alatel.<br \/>\nIl versamento della quota pu\u00f2 essere effettuato :<br \/>\n&#8211; <strong>sul c\/c bancario IBAN : <span style=\"font-size: 16px\">IT50W0538702400000001025869<\/span> intestato a &#8211; Alatel Seniores Telecom Italia\u00a0<\/strong><br \/>\n&#8211; <strong>tramite bollettino postale (che trovate inserito anche nel numero 2-2025 della rivista \u201c Proseguire Insieme \u201c) sul <span style=\"font-size: 16px\">c\/c postale n. 26611400<\/span> intestato come sopra.<\/strong><br \/>\n&#8211; In entrambi i casi occorre <strong>specificare nome, cognome e causale ( quota sociale 2026).<\/strong><br \/>\nI Soci che parteciperanno al pranzo di Natale possono versare la quota associativa al proprio Presidente e\/o ai nostri volontari presso il ristorante.<br \/>\nPer chi lo desidera \u00e8 possibile versare il contributo in contanti presso la nostra sede di via Albani 3 a Bologna dal luned\u00ec al gioved\u00ec dalle 9,30 alle 12,00 preavvertendo al 051 253257.<br \/>\n<strong>MODULI PER L&#8217;ISCRIZIONE ALLA NOSTRA ASSOCIAZIONE<br \/>\n<\/strong>1 &#8211; <a href=\"https:\/\/www.alatel.it\/alatel\/wp-content\/uploads\/2019\/10\/Modulo-di-iscrizione-socio-ordinario.pdf\">Modulo di iscrizione socio ordinario<\/a><br \/>\n2 &#8211; <a href=\"https:\/\/www.alatel.it\/alatel\/wp-content\/uploads\/2019\/10\/Modulo-di-iscrizione-socio-aggregato.pdf\">Modulo di iscrizione socio aggregato<\/a><\/p>\n<p>&nbsp;<\/p>\n","protected":false},"excerpt":{"rendered":"<p>QUOTA ASSOCIATIVA 2026: Informiamo i Soci e\/o Aggregati\u00a0 che la quota&hellip;<\/p>\n","protected":false},"author":37,"featured_media":11903,"comment_status":"closed","ping_status":"closed","sticky":false,"template":"","format":"standard","meta":{"footnotes":""},"categories":[187,78],"tags":[],"publishpress_future_action":{"enabled":false,"date":"1970-01-01 01:00:00","action":"","terms":[],"taxonomy":"","browser_timezone_offset":0},"_links":{"self":[{"href":"https:\/\/www.alatel.it\/alatel\/wp-json\/wp\/v2\/posts\/11902"}],"collection":[{"href":"https:\/\/www.alatel.it\/alatel\/wp-json\/wp\/v2\/posts"}],"about":[{"href":"https:\/\/www.alatel.it\/alatel\/wp-json\/wp\/v2\/types\/post"}],"author":[{"embeddable":true,"href":"https:\/\/www.alatel.it\/alatel\/wp-json\/wp\/v2\/users\/37"}],"replies":[{"embeddable":true,"href":"https:\/\/www.alatel.it\/alatel\/wp-json\/wp\/v2\/comments?post=11902"}],"version-history":[{"count":10,"href":"https:\/\/www.alatel.it\/alatel\/wp-json\/wp\/v2\/posts\/11902\/revisions"}],"predecessor-version":[{"id":36911,"href":"https:\/\/www.alatel.it\/alatel\/wp-json\/wp\/v2\/posts\/11902\/revisions\/36911"}],"wp:featuredmedia":[{"embeddable":true,"href":"https:\/\/www.alatel.it\/alatel\/wp-json\/wp\/v2\/media\/11903"}],"wp:attachment":[{"href":"https:\/\/www.alatel.it\/alatel\/wp-json\/wp\/v2\/media?parent=11902"}],"wp:term":[{"taxonomy":"category","embeddable":true,"href":"https:\/\/www.alatel.it\/alatel\/wp-json\/wp\/v2\/categories?post=11902"},{"taxonomy":"post_tag","embeddable":true,"href":"https:\/\/www.alatel.it\/alatel\/wp-json\/wp\/v2\/tags?post=11902"}],"curies":[{"name":"wp","href":"https:\/\/api.w.org\/{rel}","templated":true}]}}