{"id":7154,"date":"2018-10-21T07:50:20","date_gmt":"2018-10-21T05:50:20","guid":{"rendered":"https:\/\/www.alatel.it\/alatel\/?p=7154"},"modified":"2020-06-14T09:05:47","modified_gmt":"2020-06-14T07:05:47","slug":"sezione-di-rieti","status":"publish","type":"post","link":"https:\/\/www.alatel.it\/alatel\/lazio\/rieti\/sezione-di-rieti\/","title":{"rendered":"Sezione di Rieti"},"content":{"rendered":"<p><img loading=\"lazy\" decoding=\"async\" class=\"size-medium wp-image-7155 aligncenter\" src=\"https:\/\/www.alatel.it\/alatel\/wp-content\/uploads\/2018\/10\/Rieti-300x150.jpg\" alt=\"\" width=\"300\" height=\"150\" srcset=\"https:\/\/www.alatel.it\/alatel\/wp-content\/uploads\/2018\/10\/Rieti-300x150.jpg 300w, https:\/\/www.alatel.it\/alatel\/wp-content\/uploads\/2018\/10\/Rieti-585x293.jpg 585w, https:\/\/www.alatel.it\/alatel\/wp-content\/uploads\/2018\/10\/Rieti.jpg 600w\" sizes=\"(max-width: 300px) 100vw, 300px\" \/><\/p>\n<p style=\"text-align: center\">Presidente: <strong>Luciano Martini<\/strong><br \/>\nTel.\u00a0<span style=\"text-align: left;color: #313131;text-indent: 0px;letter-spacing: normal;font-family: 'TIM Sans Light';font-size: 14px;font-style: normal;font-variant: normal;font-weight: 400;text-decoration: none;float: none;background-color: #ffffff\">3357292982<\/span><strong><br \/>\n<\/strong><\/p>\n<h1 style=\"text-align: center\"><span style=\"color: #008000\">NOTIZIE DAL TERRITORIO<\/span><\/h1>\n<h4><span style=\"color: #ff0000\">Amatrice &#8211; Progetto &#8220;Pio Cretaro&#8221;<\/span><\/h4>\n<p><span style=\"color: #ff0000\"><img loading=\"lazy\" decoding=\"async\" class=\"alignnone size-medium wp-image-15104\" src=\"https:\/\/www.alatel.it\/alatel\/wp-content\/uploads\/2018\/10\/Pio-Cretaro-300x165.jpg\" alt=\"\" width=\"300\" height=\"165\" srcset=\"https:\/\/www.alatel.it\/alatel\/wp-content\/uploads\/2018\/10\/Pio-Cretaro-300x165.jpg 300w, https:\/\/www.alatel.it\/alatel\/wp-content\/uploads\/2018\/10\/Pio-Cretaro-585x321.jpg 585w, https:\/\/www.alatel.it\/alatel\/wp-content\/uploads\/2018\/10\/Pio-Cretaro.jpg 620w\" sizes=\"(max-width: 300px) 100vw, 300px\" \/><\/span><\/p>\n<h4 style=\"text-align: justify\">Sabato 13 giugno si \u00e8 svolta la presentazione del progetto per la realizzazione dell&#8217;Edificio Polifunzionale \u201cPio Cretaro\u201d ad Amatrice, ideato per ospitare le attivit\u00e0 dell\u2019Associazione Alpini, Sezione Abruzzi Gruppo Amatrice e della Protezione Civile Comunale.<br \/>\nLa struttura, progettata dallo Studio Tecnico Re_Store, sar\u00e0 permanente, con scelte costruttive coerenti con le logiche della bioedilizia e pienamente rispondenti alle migliori tecniche antisismiche; la fase di realizzazione \u00e8 prevista in tempi strettissimi.<\/h4>\n<h4><span style=\"color: #ff0000\">#DAJERIETI<\/span><\/h4>\n<h4><img loading=\"lazy\" decoding=\"async\" class=\"alignnone size-medium wp-image-14875\" src=\"https:\/\/www.alatel.it\/alatel\/wp-content\/uploads\/2018\/10\/DajeRieti-300x200.jpg\" alt=\"\" width=\"300\" height=\"200\" srcset=\"https:\/\/www.alatel.it\/alatel\/wp-content\/uploads\/2018\/10\/DajeRieti-300x200.jpg 300w, https:\/\/www.alatel.it\/alatel\/wp-content\/uploads\/2018\/10\/DajeRieti-585x390.jpg 585w, https:\/\/www.alatel.it\/alatel\/wp-content\/uploads\/2018\/10\/DajeRieti.jpg 670w\" sizes=\"(max-width: 300px) 100vw, 300px\" \/><\/h4>\n<p style=\"text-align: justify\">17 Maggio 2020<br \/>\nRieti torna al lavoro e ad una graduale ripresa della vita sociale salutata dal sorriso di 21 tra imprenditori, commercianti, artigiani, operatori sociali e artisti che hanno prestato il loro volto alla campagna fotografica #DajeRieti. Da stamattina, lungo le mura medievali da Porta d&#8217;Arce a Porta Cintia si snoda una inedita installazione urbana pensata dalla Fondazione Varrone per ridare energia alla citt\u00e0 in un momento carico di incognite e di preoccupazione. Se i medici, gli infermieri, gli operatori sanitari \u2013 e con loro forze dell\u2019ordine, volontariato, insegnanti e i lavoratori che hanno mandato avanti il Paese nelle settimane pi\u00f9 buie \u2013 sono stati gli \u201ceroi\u201d nell\u2019emergenza sanitaria, imprenditori, commercianti, artigiani, operatori sociali, turistici e culturali che da oggi rialzano la saracinesca saranno gli eroi nell\u2019emergenza economica che si profila. Non potendo riunire le foto nel chiuso di una sala si \u00e8 scelto di sistemarle nel tratto pi\u00f9 spettacolare delle mura medievali. Chiunque, a tutte le ore, potr\u00e0 seguire il percorso in auto o sulle due ruote o gustarne pi\u00f9 a fondo i particolari camminando lungo viale Morroni e viale Canali, nel rispetto delle regole e senza creare assembramenti. Le foto \u2013 in bianco e nero di grande impatto &#8211; sono di Emiliano Grillotti e Gianluca Vannicelli, la grafica e l\u2019installazione \u2013 realizzata a tempo di record \u2013 \u00e8 di Andrea De Sanctis. Tra i 21 testimonial che generosamente hanno accettato di \u201cmetterci la faccia\u201d ci sono anche un ristoratore di Amatrice e un imprenditore di Cittareale, per non dimenticare l\u2019altra grande sfida che attende il territorio, quella della ricostruzione post-terremoto. \u201cQuesta mostra vuole essere un omaggio al mondo del lavoro, della cultura, del terzo settore e una spinta alla ripresa della citt\u00e0, in uno dei momenti pi\u00f9 difficili della sua storia \u2013 dice il presidente della Fondazione Antonio D\u2019Onofrio &#8211; Sappiamo che non basta una foto a far quadrare i conti di un&#8217;impresa. Ma una foto pu\u00f2 aiutare a riconoscersi tutti parte di una stessa comunit\u00e0. Il messaggio \u00e8: insieme, tutti insieme, ricominciamo.<\/p>\n<h4><span style=\"color: #ff0000\">SANTUARIO DI GRECCIO<\/span><\/h4>\n<p style=\"text-align: justify\"><span style=\"color: #000000\"><img loading=\"lazy\" decoding=\"async\" class=\"alignnone size-medium wp-image-14555\" src=\"https:\/\/www.alatel.it\/alatel\/wp-content\/uploads\/2018\/10\/Convento-Greccio-300x225.jpg\" alt=\"\" width=\"300\" height=\"225\" srcset=\"https:\/\/www.alatel.it\/alatel\/wp-content\/uploads\/2018\/10\/Convento-Greccio-300x225.jpg 300w, https:\/\/www.alatel.it\/alatel\/wp-content\/uploads\/2018\/10\/Convento-Greccio-768x576.jpg 768w, https:\/\/www.alatel.it\/alatel\/wp-content\/uploads\/2018\/10\/Convento-Greccio-1024x768.jpg 1024w, https:\/\/www.alatel.it\/alatel\/wp-content\/uploads\/2018\/10\/Convento-Greccio-1170x878.jpg 1170w, https:\/\/www.alatel.it\/alatel\/wp-content\/uploads\/2018\/10\/Convento-Greccio-585x439.jpg 585w, https:\/\/www.alatel.it\/alatel\/wp-content\/uploads\/2018\/10\/Convento-Greccio.jpg 1472w\" sizes=\"(max-width: 300px) 100vw, 300px\" \/><img loading=\"lazy\" decoding=\"async\" class=\"alignnone size-medium wp-image-14556\" src=\"https:\/\/www.alatel.it\/alatel\/wp-content\/uploads\/2018\/10\/Grotta-presepe-300x225.jpg\" alt=\"\" width=\"300\" height=\"225\" srcset=\"https:\/\/www.alatel.it\/alatel\/wp-content\/uploads\/2018\/10\/Grotta-presepe-300x225.jpg 300w, https:\/\/www.alatel.it\/alatel\/wp-content\/uploads\/2018\/10\/Grotta-presepe-768x576.jpg 768w, https:\/\/www.alatel.it\/alatel\/wp-content\/uploads\/2018\/10\/Grotta-presepe-585x439.jpg 585w, https:\/\/www.alatel.it\/alatel\/wp-content\/uploads\/2018\/10\/Grotta-presepe.jpg 1000w\" sizes=\"(max-width: 300px) 100vw, 300px\" \/><\/span><\/p>\n<p style=\"text-align: justify\"><span style=\"color: #000000\">Il\u00a0santuario Eremo di\u00a0<a style=\"color: #000000\" href=\"https:\/\/it.wikipedia.org\/wiki\/Greccio\">Greccio<\/a>\u00a0\u00e8 uno dei quattro santuari eretti da San Francesco nella\u00a0<a style=\"color: #000000\" href=\"https:\/\/it.wikipedia.org\/wiki\/Piana_Reatina\">Valle Santa<\/a>, insieme al\u00a0<a style=\"color: #000000\" href=\"https:\/\/it.wikipedia.org\/wiki\/Santuario_di_Fonte_Colombo\">santuario di Fonte Colombo<\/a>, al\u00a0<a style=\"color: #000000\" href=\"https:\/\/it.wikipedia.org\/wiki\/Santuario_della_Foresta\">santuario della Foresta<\/a>, e il\u00a0<a style=\"color: #000000\" href=\"https:\/\/it.wikipedia.org\/wiki\/Santuario_di_Poggio_Bustone\">santuario di Poggio Bustone<\/a>.Sito a circa 15\u00a0km dal capoluogo di\u00a0<a style=\"color: #000000\" href=\"https:\/\/it.wikipedia.org\/wiki\/Provincia_di_Rieti\">provincia di Rieti<\/a>, \u00e8 incassato, ad un&#8217;<a style=\"color: #000000\" href=\"https:\/\/it.wikipedia.org\/wiki\/Altitudine\">altitudine<\/a>\u00a0di 665 m s.l.m., nella roccia dei monti nelle immediate vicinanze dell&#8217;antico\u00a0<a style=\"color: #000000\" href=\"https:\/\/it.wikipedia.org\/wiki\/Borgo_medievale\">borgo medievale<\/a>\u00a0di\u00a0<a style=\"color: #000000\" href=\"https:\/\/it.wikipedia.org\/wiki\/Greccio\">Greccio<\/a>\u00a0con uno splendido affaccio sull&#8217;ampia\u00a0<a style=\"color: #000000\" href=\"https:\/\/it.wikipedia.org\/wiki\/Conca_reatina\">conca reatina<\/a>. Conosciuto in tutto il mondo come la Betlemme Francescana, il Santuario \u00e8 un poderoso complesso architettonico che sembra sorgere dalla nuda roccia. Nucleo originario del Santuario \u00e8 la Cappella del Presepio, edificata nel 1228, anno della canonizzazione del Santo, su una grotta dove, la notte di\u00a0<strong>Natale del 1223<\/strong>,\u00a0<strong>San Francesco<\/strong>\u00a0con l&#8217;aiuto di Messer\u00a0<strong>Giovanni Velita<\/strong>\u00a0signore di Greccio, previa autorizzazione pontificia, rappresent\u00f2 per la prima volta nella storia del cristianesimo la nascita di Ges\u00f9, istituendo il\u00a0<strong>primo Presepe<\/strong>. Essa \u00e8 costituita da una piccola grotta scavata nella roccia, con una volta a botte a tutto sesto ribassato.<br \/>\nLa grotta nella quale San Francesco, nella notte del Natale del 1223 rappresent\u00f2 con personaggi viventi la nativit\u00e0. Sul fondo della cappella, sopra l\u2019altare, si ammira un affresco del 1400 di scuola Giottesca attribuito al Maestro di Narni del 1409 che rappresenta, a destra, la Nativit\u00e0 di Betlemme e, a sinistra, il Presepe di Greccio.<br \/>\n<\/span><span style=\"color: #000000\"><a href=\"https:\/\/www.youtube.com\/watch?v=W7n0UG2s_oQ&amp;feature=youtu.be\"><span style=\"color: #3366ff\">Cliccando qui puoi visualizzare un filmato sui santuari francescani inseriti nella cosiddetta\u00a0Valle dei Presepi<\/span><\/a><br \/>\n<\/span><\/p>\n<h4><span style=\"text-decoration: underline\"><span style=\"color: #ff0000;text-decoration: underline\">BORGOROSE<\/span><\/span><\/h4>\n<p style=\"text-align: justify\">Incredibile ma vero: \u00e8 di <strong>Borgorose<\/strong>, Lazio, Italy, una delle <strong>birre pi\u00f9 buone del mondo<\/strong>, la <strong>ReAle Extra<\/strong>. Leonardo Di Vincenzo, fondatore e birraio del Borgo si \u00e8 aggiudicato,\u00a0 a Norimberga la medaglia d\u2019oro nella <strong>categoria India Pale Ale<\/strong>, lasciandosi alle spalle mostri sacri americani e inglesi.<\/p>\n<h4><span style=\"text-decoration: underline\"><span style=\"color: #ff0000;text-decoration: underline\">AZIENDE REATINE PREMIATE PER LA QUALITA&#8217;<\/span><\/span><\/h4>\n<p style=\"text-align: justify\">Sono\u00a0 43 le imprese della provincia di<strong> Rieti<\/strong> tra <strong>hotel, agriturismi, bed and breakfast, ristoranti, frantoi e negozi tipici<\/strong> che hanno conquistato il <strong>Marchio di Qualit\u00e0 Ospitalit\u00e0 Italiana Isnart<\/strong> (Istituto Nazionale Ricerche Turistiche), dimostrando di garantire elevati standard di accoglienza e di servizio ed un giusto rapporto qualit\u00e0 prezzo<\/p>\n","protected":false},"excerpt":{"rendered":"<p>Presidente: Luciano Martini Tel.\u00a03357292982 NOTIZIE DAL TERRITORIO Amatrice &#8211; Progetto &#8220;Pio&hellip;<\/p>\n","protected":false},"author":29,"featured_media":7155,"comment_status":"closed","ping_status":"closed","sticky":false,"template":"","format":"standard","meta":{"footnotes":""},"categories":[140],"tags":[],"publishpress_future_action":{"enabled":false,"date":"1970-01-01 01:00:00","action":"","terms":[],"taxonomy":"","browser_timezone_offset":0},"_links":{"self":[{"href":"https:\/\/www.alatel.it\/alatel\/wp-json\/wp\/v2\/posts\/7154"}],"collection":[{"href":"https:\/\/www.alatel.it\/alatel\/wp-json\/wp\/v2\/posts"}],"about":[{"href":"https:\/\/www.alatel.it\/alatel\/wp-json\/wp\/v2\/types\/post"}],"author":[{"embeddable":true,"href":"https:\/\/www.alatel.it\/alatel\/wp-json\/wp\/v2\/users\/29"}],"replies":[{"embeddable":true,"href":"https:\/\/www.alatel.it\/alatel\/wp-json\/wp\/v2\/comments?post=7154"}],"version-history":[{"count":8,"href":"https:\/\/www.alatel.it\/alatel\/wp-json\/wp\/v2\/posts\/7154\/revisions"}],"predecessor-version":[{"id":15105,"href":"https:\/\/www.alatel.it\/alatel\/wp-json\/wp\/v2\/posts\/7154\/revisions\/15105"}],"wp:featuredmedia":[{"embeddable":true,"href":"https:\/\/www.alatel.it\/alatel\/wp-json\/wp\/v2\/media\/7155"}],"wp:attachment":[{"href":"https:\/\/www.alatel.it\/alatel\/wp-json\/wp\/v2\/media?parent=7154"}],"wp:term":[{"taxonomy":"category","embeddable":true,"href":"https:\/\/www.alatel.it\/alatel\/wp-json\/wp\/v2\/categories?post=7154"},{"taxonomy":"post_tag","embeddable":true,"href":"https:\/\/www.alatel.it\/alatel\/wp-json\/wp\/v2\/tags?post=7154"}],"curies":[{"name":"wp","href":"https:\/\/api.w.org\/{rel}","templated":true}]}}