{"id":7159,"date":"2018-10-21T07:55:08","date_gmt":"2018-10-21T05:55:08","guid":{"rendered":"https:\/\/www.alatel.it\/alatel\/?p=7159"},"modified":"2021-06-22T18:24:42","modified_gmt":"2021-06-22T16:24:42","slug":"sezione-di-viterbo","status":"publish","type":"post","link":"https:\/\/www.alatel.it\/alatel\/lazio\/viterbo\/sezione-di-viterbo\/","title":{"rendered":"Sezione di Viterbo"},"content":{"rendered":"<p style=\"text-align: center\"><img loading=\"lazy\" decoding=\"async\" class=\"size-medium wp-image-7157 aligncenter\" src=\"https:\/\/www.alatel.it\/alatel\/wp-content\/uploads\/2018\/10\/Viterbo-300x150.jpg\" alt=\"\" width=\"300\" height=\"150\" srcset=\"https:\/\/www.alatel.it\/alatel\/wp-content\/uploads\/2018\/10\/Viterbo-300x150.jpg 300w, https:\/\/www.alatel.it\/alatel\/wp-content\/uploads\/2018\/10\/Viterbo-585x293.jpg 585w, https:\/\/www.alatel.it\/alatel\/wp-content\/uploads\/2018\/10\/Viterbo.jpg 600w\" sizes=\"(max-width: 300px) 100vw, 300px\" \/><\/p>\n<h4 style=\"text-align: center\"><span style=\"color: #ff0000\">Sede di Viterbo<\/span><\/h4>\n<p style=\"text-align: center\">Via della Mazzetta, 7b<br \/>\n01100 <strong>Viterbo<br \/>\n<\/strong>Fiduciario: <strong>M. Luisa Sparaci<\/strong><br \/>\nTel.<strong> 0761 325255<\/strong><br \/>\nFax <strong>0761 325255<br \/>\nMail:\u00a0mlsparaci@libero.it<\/strong><\/p>\n<h1 style=\"text-align: center\"><span style=\"color: #008000\">NOTIZIE DAL TERRITORIO<\/span><\/h1>\n<h4><span style=\"color: #ff0000\">VITERBO \u2013 La Macchina di S.Rosa<\/span><\/h4>\n<p style=\"text-align: justify\">La <strong>Macchina di Santa Rosa<\/strong> \u00e8 diventata <strong>patrimonio dell&#8217;Umanit\u00e0<\/strong>. Tale riconoscimento \u00e8 stato deciso dal Comitato dell\u2019<strong>UNESCO<\/strong> riunitosi a Baku (Azerbaigian) \u2013 Presenti per la citt\u00e0 Laziale vi erano il Sindaco Leonardo Michelini e il presidente del Sodalizio dei Facchini Massimo Mecarini. Questo il primo commento a caldo: \u201c Un riconoscimento che conferma la particolarit\u00e0 dell\u2019evento del 3 settembre. Il trasporto della Macchina di S. Rosa non potr\u00e0 pi\u00f9 essere considerato una manifestazione a connotazione localistica. La sua singolarit\u00e0 e le sue suggestioni, spettacolari ma soprattutto espressione di fede, sono ora tutelate come patrimonio mondiale\u201d.<\/p>\n<h4><span style=\"color: #ff0000\">SORIANO NEL CIMINO &#8211; Ritrovamenti dell&#8217;et\u00e0 del bronzo<\/span><\/h4>\n<p style=\"text-align: justify\">Un grande villaggio con strutture monumentali risalenti all&#8217;et\u00e0 del bronzo, tra il<strong> 1200 e il 950 avanti Cristo<\/strong>, sta venendo alla luce da una serie di scavi a <strong>Soriano nel Cimino<\/strong>, in una foresta di faggi secolari, nel punto pi\u00f9 alto di tutta la Tuscia, a 1043 metri. E\u2019 stata annunciata la creazione di un polo didattico-espositivo per rendere a tutti fruibili i reperti archeologici.<\/p>\n<h4><span style=\"color: #ff0000\">VULCI &#8211; Scoperta nuova tomba<\/span><\/h4>\n<p style=\"text-align: justify\">E&#8217; stata scoperta una nuova tomba nel complesso monumentale della <strong>necropoli dell&#8217;Osteria nel parco di Vulci<\/strong>; \u00e8 stato rinvenuto il corredo di un defunto risalente alla<strong> fine del VII secolo avanti Cristo<\/strong>. Si tratta di una tomba femminile: al suo interno otto vasetti, una fibula in ferro, un bucchero etrusco corinzio. A riprendere l&#8217;evento, sul posto \u2013 gli scavi sono ancora in corso &#8211; sono presenti le telecamere di Superquark che stanno documentando in questi giorni le straordinarie bellezze del Parco di Vulci<\/p>\n","protected":false},"excerpt":{"rendered":"<p>Sede di Viterbo Via della Mazzetta, 7b 01100 Viterbo Fiduciario: M.&hellip;<\/p>\n","protected":false},"author":29,"featured_media":7157,"comment_status":"closed","ping_status":"closed","sticky":false,"template":"","format":"standard","meta":{"footnotes":""},"categories":[141],"tags":[],"publishpress_future_action":{"enabled":false,"date":"1970-01-01 01:00:00","action":"","terms":[],"taxonomy":"","browser_timezone_offset":0},"_links":{"self":[{"href":"https:\/\/www.alatel.it\/alatel\/wp-json\/wp\/v2\/posts\/7159"}],"collection":[{"href":"https:\/\/www.alatel.it\/alatel\/wp-json\/wp\/v2\/posts"}],"about":[{"href":"https:\/\/www.alatel.it\/alatel\/wp-json\/wp\/v2\/types\/post"}],"author":[{"embeddable":true,"href":"https:\/\/www.alatel.it\/alatel\/wp-json\/wp\/v2\/users\/29"}],"replies":[{"embeddable":true,"href":"https:\/\/www.alatel.it\/alatel\/wp-json\/wp\/v2\/comments?post=7159"}],"version-history":[{"count":7,"href":"https:\/\/www.alatel.it\/alatel\/wp-json\/wp\/v2\/posts\/7159\/revisions"}],"predecessor-version":[{"id":19578,"href":"https:\/\/www.alatel.it\/alatel\/wp-json\/wp\/v2\/posts\/7159\/revisions\/19578"}],"wp:featuredmedia":[{"embeddable":true,"href":"https:\/\/www.alatel.it\/alatel\/wp-json\/wp\/v2\/media\/7157"}],"wp:attachment":[{"href":"https:\/\/www.alatel.it\/alatel\/wp-json\/wp\/v2\/media?parent=7159"}],"wp:term":[{"taxonomy":"category","embeddable":true,"href":"https:\/\/www.alatel.it\/alatel\/wp-json\/wp\/v2\/categories?post=7159"},{"taxonomy":"post_tag","embeddable":true,"href":"https:\/\/www.alatel.it\/alatel\/wp-json\/wp\/v2\/tags?post=7159"}],"curies":[{"name":"wp","href":"https:\/\/api.w.org\/{rel}","templated":true}]}}